{"id":8247,"date":"2015-05-11T11:51:49","date_gmt":"2015-05-11T09:51:49","guid":{"rendered":"http:\/\/www.sgombero.eu\/wordpress\/?post_type=listing_type&#038;p=8247"},"modified":"2025-08-04T17:40:10","modified_gmt":"2025-08-04T15:40:10","slug":"arredo-retro-di-lorenzo-e-mirko-sgomberi-jesi","status":"publish","type":"post","link":"https:\/\/www.sgombero.eu\/wordpress\/arredo-retro-di-lorenzo-e-mirko-sgomberi-jesi\/","title":{"rendered":"Arredo Retr\u00f2 di Lorenzo e Mirko Sgomberi Jesi"},"content":{"rendered":"<h2 style=\"text-align: center;\">Arredo Retr\u00f2 di Lorenzo e Mirko Sgomberi Jesi<\/h2>\n<p style=\"text-align: center;\">La ditta Arredo Retr\u00f2 di Lorenzo e Mirko \u00e8 una impresa di Sgomberi e svuota mobili e arredamenti usati da Appartamenti, Case, Garage, Soffitte Cantine, Negozi, Uffici e Capannoni,<\/p>\n<p style=\"text-align: center;\">L&#8217;attivit\u00e0 di Sgombero la ditta Arredo-Retr\u00f2 la esegue in tutta la provincia di Ancona Specializzandosi nel ritiro di mobili usati per il suo riciclo Puoi vedere maggiori informazioni su <span style=\"color: #0000ff;\"><a href=\"https:\/\/www.facebook.com\/AR-Arredoretr%C3%B2-1652875858328001\/\" style=\"color: #0000ff;\"><strong>Facebook<\/strong><\/a><\/span><\/p>\n<p style=\"text-align: center;\">Arredo Retr\u00f2 di Lorenzo e Mirko Sgomberi Jesi<\/p>\n<h3 style=\"text-align: center;\"><a href=\"https:\/\/www.sgombero.eu\/wordpress\/dove\/sgombero-appartamenti-ancona\/\">Sgombero Appartamenti Ancona<\/a><\/h3>\n","protected":false},"excerpt":{"rendered":"<p>Arredo Retr\u00f2 di Lorenzo e Mirko Sgomberi Jesi La ditta Arredo Retr\u00f2 di Lorenzo e Mirko \u00e8 una impresa di Sgomberi e svuota mobili e arredamenti usati da Appartamenti, Case, Garage, Soffitte Cantine, Negozi, Uffici e Capannoni, L&#8217;attivit\u00e0 di Sgombero la ditta Arredo-Retr\u00f2 la esegue in tutta la provincia di Ancona Specializzandosi nel ritiro di mobili usati per il suo riciclo Puoi vedere maggiori informazioni su Facebook Arredo Retr\u00f2 di Lorenzo e Mirko Sgomberi Jesi Sgombero Appartamenti Ancona<\/p>\n","protected":false},"author":1,"featured_media":8248,"comment_status":"open","ping_status":"closed","sticky":false,"template":"","format":"standard","meta":{"_acf_changed":false,"footnotes":""},"categories":[],"tags":[],"prezzi-gratis":[4391,4395,4393,4400,4401,4392,4396,4398,4399,4397],"dove":[4107,4109,4124,4108,4123,4114,4110,4125,4115,4127,4122,4113,4111,4126,4112],"features":[],"gratis":[],"impresa":[6303,6309,6310,6307,6308,6305,6311,6312,6306,6304],"libera":[],"mercatino-dell-usato":[4071,4073],"paiment":[],"servizi":[],"sgomberi":[6293,6295,4052],"sgombero":[],"trasloco":[],"class_list":["post-8247","post","type-post","status-publish","format-standard","has-post-thumbnail","hentry","prezzi-gratis-sgombero-ancona","prezzi-gratis-sgombero-cantine-ancona","prezzi-gratis-sgombero-case-ancona","prezzi-gratis-sgombero-garage-ancona","prezzi-gratis-sgombero-gratis-ancona","prezzi-gratis-sgombero-locali-ancona","prezzi-gratis-sgombero-mobili-ancona","prezzi-gratis-sgombero-negozi-ancona","prezzi-gratis-sgombero-soffitti-ancona","prezzi-gratis-sgombero-uffici-ancona","dove-sgombero-ancona","dove-sgombero-appartamenti-ancona","dove-sgombero-appartamenti-jesi","dove-sgombero-cantine-ancona","dove-sgombero-cantine-jesi","dove-sgombero-capannoni-ancona","dove-sgombero-case-ancona","dove-sgombero-case-jesi","dove-sgombero-gratis-ancona","dove-sgombero-gratis-jesi","dove-sgombero-jesi","dove-sgombero-negozi-ancona","dove-sgombero-soffitte-ancona","dove-sgombero-soffitte-jesi","dove-sgombero-uffici-ancona","impresa-svuota-appartamenti-ancona-gratis","impresa-svuota-appartamenti-castelfidardo-gratis","impresa-svuota-appartamenti-chiaravalle-gratis","impresa-svuota-appartamenti-fabriano-gratis","impresa-svuota-appartamenti-falconara-marittima","impresa-svuota-appartamenti-jesi-gratis","impresa-svuota-appartamenti-loreto-ancona","impresa-svuota-appartamenti-montemarciano","impresa-svuota-appartamenti-osimo-gratis","impresa-svuota-appartamenti-senigallia-gratis","mercatino-dell-usato-mercatino-dellusato","mercatino-dell-usato-sgombero-gratis","sgomberi-ancona","sgomberi-jesi","sgomberi-marche"],"acf":[],"yoast_head":"<!-- This site is optimized with the Yoast SEO plugin v26.5 - https:\/\/yoast.com\/wordpress\/plugins\/seo\/ -->\n<title>Arredo Retr\u00f2 di Lorenzo e Mirko Sgomberi Jesi Ditta Ritiro Mobili Usati<\/title>\n<meta name=\"robots\" content=\"index, follow, max-snippet:-1, max-image-preview:large, max-video-preview:-1\" \/>\n<link rel=\"canonical\" href=\"https:\/\/www.sgombero.eu\/wordpress\/prezzi\/arredo-retro-di-lorenzo-e-mirko-sgomberi-jesi\/\" \/>\n<meta property=\"og:locale\" content=\"en_US\" \/>\n<meta property=\"og:type\" content=\"article\" \/>\n<meta property=\"og:title\" content=\"Arredo Retr\u00f2 di Lorenzo e Mirko Sgomberi Jesi Ditta Ritiro Mobili Usati\" \/>\n<meta property=\"og:description\" content=\"Arredo Retr\u00f2 di Lorenzo e Mirko Sgomberi Jesi La ditta Arredo Retr\u00f2 di Lorenzo e Mirko \u00e8 una impresa di Sgomberi e svuota mobili e arredamenti usati da Appartamenti, Case, Garage, Soffitte Cantine, Negozi, Uffici e Capannoni, L&#8217;attivit\u00e0 di Sgombero la ditta Arredo-Retr\u00f2 la esegue in tutta la provincia di Ancona Specializzandosi nel ritiro di mobili usati per il suo riciclo Puoi vedere maggiori informazioni su Facebook Arredo Retr\u00f2 di Lorenzo e Mirko Sgomberi Jesi Sgombero Appartamenti Ancona\" \/>\n<meta property=\"og:url\" content=\"https:\/\/www.sgombero.eu\/wordpress\/prezzi\/arredo-retro-di-lorenzo-e-mirko-sgomberi-jesi\/\" \/>\n<meta property=\"og:site_name\" content=\"Sgombero Cantine\" \/>\n<meta property=\"article:publisher\" content=\"https:\/\/www.facebook.com\/Sgombero-1344513968992896\/\" \/>\n<meta property=\"article:published_time\" content=\"2015-05-11T09:51:49+00:00\" \/>\n<meta property=\"article:modified_time\" content=\"2025-08-04T15:40:10+00:00\" \/>\n<meta property=\"og:image\" content=\"https:\/\/www.sgombero.eu\/wordpress\/wp-content\/themes\/classifiedstheme\/thumbs\/Arredo-Retro\u0300-di-Lorenzo-e-Mirko-Sgomberi-Jesi.png\" \/>\n\t<meta property=\"og:image:width\" content=\"623\" \/>\n\t<meta property=\"og:image:height\" content=\"583\" \/>\n\t<meta property=\"og:image:type\" content=\"image\/png\" \/>\n<meta name=\"author\" content=\"sgombero\" \/>\n<meta name=\"twitter:label1\" content=\"Written by\" \/>\n\t<meta name=\"twitter:data1\" content=\"sgombero\" \/>\n<script type=\"application\/ld+json\" class=\"yoast-schema-graph\">{\"@context\":\"https:\/\/schema.org\",\"@graph\":[{\"@type\":\"Article\",\"@id\":\"https:\/\/www.sgombero.eu\/wordpress\/prezzi\/arredo-retro-di-lorenzo-e-mirko-sgomberi-jesi\/#article\",\"isPartOf\":{\"@id\":\"https:\/\/www.sgombero.eu\/wordpress\/prezzi\/arredo-retro-di-lorenzo-e-mirko-sgomberi-jesi\/\"},\"author\":{\"name\":\"sgombero\",\"@id\":\"https:\/\/www.sgombero.eu\/wordpress\/#\/schema\/person\/6bf33b726017eefea6de347e7a71b7cd\"},\"headline\":\"Arredo Retr\u00f2 di Lorenzo e Mirko Sgomberi Jesi\",\"datePublished\":\"2015-05-11T09:51:49+00:00\",\"dateModified\":\"2025-08-04T15:40:10+00:00\",\"mainEntityOfPage\":{\"@id\":\"https:\/\/www.sgombero.eu\/wordpress\/prezzi\/arredo-retro-di-lorenzo-e-mirko-sgomberi-jesi\/\"},\"wordCount\":86,\"commentCount\":1,\"publisher\":{\"@id\":\"https:\/\/www.sgombero.eu\/wordpress\/#organization\"},\"image\":{\"@id\":\"https:\/\/www.sgombero.eu\/wordpress\/prezzi\/arredo-retro-di-lorenzo-e-mirko-sgomberi-jesi\/#primaryimage\"},\"thumbnailUrl\":\"https:\/\/www.sgombero.eu\/wordpress\/wp-content\/themes\/classifiedstheme\/thumbs\/Arredo-Retro\u0300-di-Lorenzo-e-Mirko-Sgomberi-Jesi.png\",\"inLanguage\":\"en-US\",\"potentialAction\":[{\"@type\":\"CommentAction\",\"name\":\"Comment\",\"target\":[\"https:\/\/www.sgombero.eu\/wordpress\/prezzi\/arredo-retro-di-lorenzo-e-mirko-sgomberi-jesi\/#respond\"]}]},{\"@type\":\"WebPage\",\"@id\":\"https:\/\/www.sgombero.eu\/wordpress\/prezzi\/arredo-retro-di-lorenzo-e-mirko-sgomberi-jesi\/\",\"url\":\"https:\/\/www.sgombero.eu\/wordpress\/prezzi\/arredo-retro-di-lorenzo-e-mirko-sgomberi-jesi\/\",\"name\":\"Arredo Retr\u00f2 di Lorenzo e Mirko Sgomberi Jesi Ditta Ritiro Mobili Usati\",\"isPartOf\":{\"@id\":\"https:\/\/www.sgombero.eu\/wordpress\/#website\"},\"primaryImageOfPage\":{\"@id\":\"https:\/\/www.sgombero.eu\/wordpress\/prezzi\/arredo-retro-di-lorenzo-e-mirko-sgomberi-jesi\/#primaryimage\"},\"image\":{\"@id\":\"https:\/\/www.sgombero.eu\/wordpress\/prezzi\/arredo-retro-di-lorenzo-e-mirko-sgomberi-jesi\/#primaryimage\"},\"thumbnailUrl\":\"https:\/\/www.sgombero.eu\/wordpress\/wp-content\/themes\/classifiedstheme\/thumbs\/Arredo-Retro\u0300-di-Lorenzo-e-Mirko-Sgomberi-Jesi.png\",\"datePublished\":\"2015-05-11T09:51:49+00:00\",\"dateModified\":\"2025-08-04T15:40:10+00:00\",\"breadcrumb\":{\"@id\":\"https:\/\/www.sgombero.eu\/wordpress\/prezzi\/arredo-retro-di-lorenzo-e-mirko-sgomberi-jesi\/#breadcrumb\"},\"inLanguage\":\"en-US\",\"potentialAction\":[{\"@type\":\"ReadAction\",\"target\":[\"https:\/\/www.sgombero.eu\/wordpress\/prezzi\/arredo-retro-di-lorenzo-e-mirko-sgomberi-jesi\/\"]}]},{\"@type\":\"ImageObject\",\"inLanguage\":\"en-US\",\"@id\":\"https:\/\/www.sgombero.eu\/wordpress\/prezzi\/arredo-retro-di-lorenzo-e-mirko-sgomberi-jesi\/#primaryimage\",\"url\":\"https:\/\/www.sgombero.eu\/wordpress\/wp-content\/themes\/classifiedstheme\/thumbs\/Arredo-Retro\u0300-di-Lorenzo-e-Mirko-Sgomberi-Jesi.png\",\"contentUrl\":\"https:\/\/www.sgombero.eu\/wordpress\/wp-content\/themes\/classifiedstheme\/thumbs\/Arredo-Retro\u0300-di-Lorenzo-e-Mirko-Sgomberi-Jesi.png\",\"width\":623,\"height\":583,\"caption\":\"Arredo Retro\u0300 di Lorenzo e Mirko Sgomberi Jesi\"},{\"@type\":\"BreadcrumbList\",\"@id\":\"https:\/\/www.sgombero.eu\/wordpress\/prezzi\/arredo-retro-di-lorenzo-e-mirko-sgomberi-jesi\/#breadcrumb\",\"itemListElement\":[{\"@type\":\"ListItem\",\"position\":1,\"name\":\"Home\",\"item\":\"https:\/\/www.sgombero.eu\/wordpress\/\"},{\"@type\":\"ListItem\",\"position\":2,\"name\":\"Arredo Retr\u00f2 di Lorenzo e Mirko Sgomberi Jesi\"}]},{\"@type\":\"WebSite\",\"@id\":\"https:\/\/www.sgombero.eu\/wordpress\/#website\",\"url\":\"https:\/\/www.sgombero.eu\/wordpress\/\",\"name\":\"Sgombero Cantine\",\"description\":\"Sgombero Appartamenti\",\"publisher\":{\"@id\":\"https:\/\/www.sgombero.eu\/wordpress\/#organization\"},\"alternateName\":\"Svuota Cantine\",\"potentialAction\":[{\"@type\":\"SearchAction\",\"target\":{\"@type\":\"EntryPoint\",\"urlTemplate\":\"https:\/\/www.sgombero.eu\/wordpress\/?s={search_term_string}\"},\"query-input\":{\"@type\":\"PropertyValueSpecification\",\"valueRequired\":true,\"valueName\":\"search_term_string\"}}],\"inLanguage\":\"en-US\"},{\"@type\":\"Organization\",\"@id\":\"https:\/\/www.sgombero.eu\/wordpress\/#organization\",\"name\":\"Ditte di Sgomberi Appartamenti Gratis\",\"url\":\"https:\/\/www.sgombero.eu\/wordpress\/\",\"logo\":{\"@type\":\"ImageObject\",\"inLanguage\":\"en-US\",\"@id\":\"https:\/\/www.sgombero.eu\/wordpress\/#\/schema\/logo\/image\/\",\"url\":\"https:\/\/www.sgombero.eu\/wordpress\/wp-content\/themes\/classifiedstheme\/thumbs\/Sgombero-cantine-.png\",\"contentUrl\":\"https:\/\/www.sgombero.eu\/wordpress\/wp-content\/themes\/classifiedstheme\/thumbs\/Sgombero-cantine-.png\",\"width\":378,\"height\":143,\"caption\":\"Ditte di Sgomberi Appartamenti Gratis\"},\"image\":{\"@id\":\"https:\/\/www.sgombero.eu\/wordpress\/#\/schema\/logo\/image\/\"},\"sameAs\":[\"https:\/\/www.facebook.com\/Sgombero-1344513968992896\/\"]},{\"@type\":\"Person\",\"@id\":\"https:\/\/www.sgombero.eu\/wordpress\/#\/schema\/person\/6bf33b726017eefea6de347e7a71b7cd\",\"name\":\"sgombero\",\"image\":{\"@type\":\"ImageObject\",\"inLanguage\":\"en-US\",\"@id\":\"https:\/\/www.sgombero.eu\/wordpress\/#\/schema\/person\/image\/\",\"url\":\"https:\/\/secure.gravatar.com\/avatar\/5f9a85c911290aa9828f84ef6d14f4261419321144276b4a6a0a5c209c62115c?s=96&d=mm&r=g\",\"contentUrl\":\"https:\/\/secure.gravatar.com\/avatar\/5f9a85c911290aa9828f84ef6d14f4261419321144276b4a6a0a5c209c62115c?s=96&d=mm&r=g\",\"caption\":\"sgombero\"},\"description\":\"Sgombero Cantine e appartamenti Italia okannunci@gmail.com\"}]}<\/script>\n<!-- \/ Yoast SEO plugin. -->","yoast_head_json":{"title":"Arredo Retr\u00f2 di Lorenzo e Mirko Sgomberi Jesi Ditta Ritiro Mobili Usati","robots":{"index":"index","follow":"follow","max-snippet":"max-snippet:-1","max-image-preview":"max-image-preview:large","max-video-preview":"max-video-preview:-1"},"canonical":"https:\/\/www.sgombero.eu\/wordpress\/prezzi\/arredo-retro-di-lorenzo-e-mirko-sgomberi-jesi\/","og_locale":"en_US","og_type":"article","og_title":"Arredo Retr\u00f2 di Lorenzo e Mirko Sgomberi Jesi Ditta Ritiro Mobili Usati","og_description":"Arredo Retr\u00f2 di Lorenzo e Mirko Sgomberi Jesi La ditta Arredo Retr\u00f2 di Lorenzo e Mirko \u00e8 una impresa di Sgomberi e svuota mobili e arredamenti usati da Appartamenti, Case, Garage, Soffitte Cantine, Negozi, Uffici e Capannoni, L&#8217;attivit\u00e0 di Sgombero la ditta Arredo-Retr\u00f2 la esegue in tutta la provincia di Ancona Specializzandosi nel ritiro di mobili usati per il suo riciclo Puoi vedere maggiori informazioni su Facebook Arredo Retr\u00f2 di Lorenzo e Mirko Sgomberi Jesi Sgombero Appartamenti Ancona","og_url":"https:\/\/www.sgombero.eu\/wordpress\/prezzi\/arredo-retro-di-lorenzo-e-mirko-sgomberi-jesi\/","og_site_name":"Sgombero Cantine","article_publisher":"https:\/\/www.facebook.com\/Sgombero-1344513968992896\/","article_published_time":"2015-05-11T09:51:49+00:00","article_modified_time":"2025-08-04T15:40:10+00:00","og_image":[{"width":623,"height":583,"url":"https:\/\/www.sgombero.eu\/wordpress\/wp-content\/themes\/classifiedstheme\/thumbs\/Arredo-Retro\u0300-di-Lorenzo-e-Mirko-Sgomberi-Jesi.png","type":"image\/png"}],"author":"sgombero","twitter_misc":{"Written by":"sgombero"},"schema":{"@context":"https:\/\/schema.org","@graph":[{"@type":"Article","@id":"https:\/\/www.sgombero.eu\/wordpress\/prezzi\/arredo-retro-di-lorenzo-e-mirko-sgomberi-jesi\/#article","isPartOf":{"@id":"https:\/\/www.sgombero.eu\/wordpress\/prezzi\/arredo-retro-di-lorenzo-e-mirko-sgomberi-jesi\/"},"author":{"name":"sgombero","@id":"https:\/\/www.sgombero.eu\/wordpress\/#\/schema\/person\/6bf33b726017eefea6de347e7a71b7cd"},"headline":"Arredo Retr\u00f2 di Lorenzo e Mirko Sgomberi Jesi","datePublished":"2015-05-11T09:51:49+00:00","dateModified":"2025-08-04T15:40:10+00:00","mainEntityOfPage":{"@id":"https:\/\/www.sgombero.eu\/wordpress\/prezzi\/arredo-retro-di-lorenzo-e-mirko-sgomberi-jesi\/"},"wordCount":86,"commentCount":1,"publisher":{"@id":"https:\/\/www.sgombero.eu\/wordpress\/#organization"},"image":{"@id":"https:\/\/www.sgombero.eu\/wordpress\/prezzi\/arredo-retro-di-lorenzo-e-mirko-sgomberi-jesi\/#primaryimage"},"thumbnailUrl":"https:\/\/www.sgombero.eu\/wordpress\/wp-content\/themes\/classifiedstheme\/thumbs\/Arredo-Retro\u0300-di-Lorenzo-e-Mirko-Sgomberi-Jesi.png","inLanguage":"en-US","potentialAction":[{"@type":"CommentAction","name":"Comment","target":["https:\/\/www.sgombero.eu\/wordpress\/prezzi\/arredo-retro-di-lorenzo-e-mirko-sgomberi-jesi\/#respond"]}]},{"@type":"WebPage","@id":"https:\/\/www.sgombero.eu\/wordpress\/prezzi\/arredo-retro-di-lorenzo-e-mirko-sgomberi-jesi\/","url":"https:\/\/www.sgombero.eu\/wordpress\/prezzi\/arredo-retro-di-lorenzo-e-mirko-sgomberi-jesi\/","name":"Arredo Retr\u00f2 di Lorenzo e Mirko Sgomberi Jesi Ditta Ritiro Mobili Usati","isPartOf":{"@id":"https:\/\/www.sgombero.eu\/wordpress\/#website"},"primaryImageOfPage":{"@id":"https:\/\/www.sgombero.eu\/wordpress\/prezzi\/arredo-retro-di-lorenzo-e-mirko-sgomberi-jesi\/#primaryimage"},"image":{"@id":"https:\/\/www.sgombero.eu\/wordpress\/prezzi\/arredo-retro-di-lorenzo-e-mirko-sgomberi-jesi\/#primaryimage"},"thumbnailUrl":"https:\/\/www.sgombero.eu\/wordpress\/wp-content\/themes\/classifiedstheme\/thumbs\/Arredo-Retro\u0300-di-Lorenzo-e-Mirko-Sgomberi-Jesi.png","datePublished":"2015-05-11T09:51:49+00:00","dateModified":"2025-08-04T15:40:10+00:00","breadcrumb":{"@id":"https:\/\/www.sgombero.eu\/wordpress\/prezzi\/arredo-retro-di-lorenzo-e-mirko-sgomberi-jesi\/#breadcrumb"},"inLanguage":"en-US","potentialAction":[{"@type":"ReadAction","target":["https:\/\/www.sgombero.eu\/wordpress\/prezzi\/arredo-retro-di-lorenzo-e-mirko-sgomberi-jesi\/"]}]},{"@type":"ImageObject","inLanguage":"en-US","@id":"https:\/\/www.sgombero.eu\/wordpress\/prezzi\/arredo-retro-di-lorenzo-e-mirko-sgomberi-jesi\/#primaryimage","url":"https:\/\/www.sgombero.eu\/wordpress\/wp-content\/themes\/classifiedstheme\/thumbs\/Arredo-Retro\u0300-di-Lorenzo-e-Mirko-Sgomberi-Jesi.png","contentUrl":"https:\/\/www.sgombero.eu\/wordpress\/wp-content\/themes\/classifiedstheme\/thumbs\/Arredo-Retro\u0300-di-Lorenzo-e-Mirko-Sgomberi-Jesi.png","width":623,"height":583,"caption":"Arredo Retro\u0300 di Lorenzo e Mirko Sgomberi Jesi"},{"@type":"BreadcrumbList","@id":"https:\/\/www.sgombero.eu\/wordpress\/prezzi\/arredo-retro-di-lorenzo-e-mirko-sgomberi-jesi\/#breadcrumb","itemListElement":[{"@type":"ListItem","position":1,"name":"Home","item":"https:\/\/www.sgombero.eu\/wordpress\/"},{"@type":"ListItem","position":2,"name":"Arredo Retr\u00f2 di Lorenzo e Mirko Sgomberi Jesi"}]},{"@type":"WebSite","@id":"https:\/\/www.sgombero.eu\/wordpress\/#website","url":"https:\/\/www.sgombero.eu\/wordpress\/","name":"Sgombero Cantine","description":"Sgombero Appartamenti","publisher":{"@id":"https:\/\/www.sgombero.eu\/wordpress\/#organization"},"alternateName":"Svuota Cantine","potentialAction":[{"@type":"SearchAction","target":{"@type":"EntryPoint","urlTemplate":"https:\/\/www.sgombero.eu\/wordpress\/?s={search_term_string}"},"query-input":{"@type":"PropertyValueSpecification","valueRequired":true,"valueName":"search_term_string"}}],"inLanguage":"en-US"},{"@type":"Organization","@id":"https:\/\/www.sgombero.eu\/wordpress\/#organization","name":"Ditte di Sgomberi Appartamenti Gratis","url":"https:\/\/www.sgombero.eu\/wordpress\/","logo":{"@type":"ImageObject","inLanguage":"en-US","@id":"https:\/\/www.sgombero.eu\/wordpress\/#\/schema\/logo\/image\/","url":"https:\/\/www.sgombero.eu\/wordpress\/wp-content\/themes\/classifiedstheme\/thumbs\/Sgombero-cantine-.png","contentUrl":"https:\/\/www.sgombero.eu\/wordpress\/wp-content\/themes\/classifiedstheme\/thumbs\/Sgombero-cantine-.png","width":378,"height":143,"caption":"Ditte di Sgomberi Appartamenti Gratis"},"image":{"@id":"https:\/\/www.sgombero.eu\/wordpress\/#\/schema\/logo\/image\/"},"sameAs":["https:\/\/www.facebook.com\/Sgombero-1344513968992896\/"]},{"@type":"Person","@id":"https:\/\/www.sgombero.eu\/wordpress\/#\/schema\/person\/6bf33b726017eefea6de347e7a71b7cd","name":"sgombero","image":{"@type":"ImageObject","inLanguage":"en-US","@id":"https:\/\/www.sgombero.eu\/wordpress\/#\/schema\/person\/image\/","url":"https:\/\/secure.gravatar.com\/avatar\/5f9a85c911290aa9828f84ef6d14f4261419321144276b4a6a0a5c209c62115c?s=96&d=mm&r=g","contentUrl":"https:\/\/secure.gravatar.com\/avatar\/5f9a85c911290aa9828f84ef6d14f4261419321144276b4a6a0a5c209c62115c?s=96&d=mm&r=g","caption":"sgombero"},"description":"Sgombero Cantine e appartamenti Italia okannunci@gmail.com"}]}},"_links":{"self":[{"href":"https:\/\/www.sgombero.eu\/wordpress\/wp-json\/wp\/v2\/posts\/8247","targetHints":{"allow":["GET"]}}],"collection":[{"href":"https:\/\/www.sgombero.eu\/wordpress\/wp-json\/wp\/v2\/posts"}],"about":[{"href":"https:\/\/www.sgombero.eu\/wordpress\/wp-json\/wp\/v2\/types\/post"}],"author":[{"embeddable":true,"href":"https:\/\/www.sgombero.eu\/wordpress\/wp-json\/wp\/v2\/users\/1"}],"replies":[{"embeddable":true,"href":"https:\/\/www.sgombero.eu\/wordpress\/wp-json\/wp\/v2\/comments?post=8247"}],"version-history":[{"count":1,"href":"https:\/\/www.sgombero.eu\/wordpress\/wp-json\/wp\/v2\/posts\/8247\/revisions"}],"predecessor-version":[{"id":20418,"href":"https:\/\/www.sgombero.eu\/wordpress\/wp-json\/wp\/v2\/posts\/8247\/revisions\/20418"}],"wp:featuredmedia":[{"embeddable":true,"href":"https:\/\/www.sgombero.eu\/wordpress\/wp-json\/wp\/v2\/media\/8248"}],"wp:attachment":[{"href":"https:\/\/www.sgombero.eu\/wordpress\/wp-json\/wp\/v2\/media?parent=8247"}],"wp:term":[{"taxonomy":"category","embeddable":true,"href":"https:\/\/www.sgombero.eu\/wordpress\/wp-json\/wp\/v2\/categories?post=8247"},{"taxonomy":"post_tag","embeddable":true,"href":"https:\/\/www.sgombero.eu\/wordpress\/wp-json\/wp\/v2\/tags?post=8247"},{"taxonomy":"prezzi-gratis","embeddable":true,"href":"https:\/\/www.sgombero.eu\/wordpress\/wp-json\/wp\/v2\/prezzi-gratis?post=8247"},{"taxonomy":"dove","embeddable":true,"href":"https:\/\/www.sgombero.eu\/wordpress\/wp-json\/wp\/v2\/dove?post=8247"},{"taxonomy":"features","embeddable":true,"href":"https:\/\/www.sgombero.eu\/wordpress\/wp-json\/wp\/v2\/features?post=8247"},{"taxonomy":"gratis","embeddable":true,"href":"https:\/\/www.sgombero.eu\/wordpress\/wp-json\/wp\/v2\/gratis?post=8247"},{"taxonomy":"impresa","embeddable":true,"href":"https:\/\/www.sgombero.eu\/wordpress\/wp-json\/wp\/v2\/impresa?post=8247"},{"taxonomy":"libera","embeddable":true,"href":"https:\/\/www.sgombero.eu\/wordpress\/wp-json\/wp\/v2\/libera?post=8247"},{"taxonomy":"mercatino-dell-usato","embeddable":true,"href":"https:\/\/www.sgombero.eu\/wordpress\/wp-json\/wp\/v2\/mercatino-dell-usato?post=8247"},{"taxonomy":"paiment","embeddable":true,"href":"https:\/\/www.sgombero.eu\/wordpress\/wp-json\/wp\/v2\/paiment?post=8247"},{"taxonomy":"servizi","embeddable":true,"href":"https:\/\/www.sgombero.eu\/wordpress\/wp-json\/wp\/v2\/servizi?post=8247"},{"taxonomy":"sgomberi","embeddable":true,"href":"https:\/\/www.sgombero.eu\/wordpress\/wp-json\/wp\/v2\/sgomberi?post=8247"},{"taxonomy":"sgombero","embeddable":true,"href":"https:\/\/www.sgombero.eu\/wordpress\/wp-json\/wp\/v2\/sgombero?post=8247"},{"taxonomy":"trasloco","embeddable":true,"href":"https:\/\/www.sgombero.eu\/wordpress\/wp-json\/wp\/v2\/trasloco?post=8247"}],"curies":[{"name":"wp","href":"https:\/\/api.w.org\/{rel}","templated":true}]}}